{"id":185,"date":"2012-09-29T18:23:54","date_gmt":"2012-09-29T18:23:54","guid":{"rendered":"http:\/\/sprachtheorie.de\/?p=185"},"modified":"2013-12-01T11:13:21","modified_gmt":"2013-12-01T11:13:21","slug":"saussure-und-die-geschichtlichkeit-der-sprache-3","status":"publish","type":"post","link":"https:\/\/sprachtheorie.de\/?p=185","title":{"rendered":"Saussure und die Geschichtlichkeit der Sprache"},"content":{"rendered":"<p><a href=\"https:\/\/sprachtheorie.de\/wp-content\/uploads\/2012\/09\/Kritzelbild-8.png\"><img loading=\"lazy\" decoding=\"async\" class=\"alignleft  wp-image-220\" title=\"studie 8\" src=\"https:\/\/sprachtheorie.de\/wp-content\/uploads\/2012\/09\/Kritzelbild-8-218x300.png\" alt=\"\" width=\"153\" height=\"210\" srcset=\"https:\/\/sprachtheorie.de\/wp-content\/uploads\/2012\/09\/Kritzelbild-8-218x300.png 218w, https:\/\/sprachtheorie.de\/wp-content\/uploads\/2012\/09\/Kritzelbild-8.png 520w\" sizes=\"auto, (max-width: 153px) 100vw, 153px\" \/><\/a>Der folgende Aufsatz geht zur\u00fcck auf einen Vortrag auf dem Germanistentag 1997 in Bonn, der unter dem Thema &#8222;<em>Autorit\u00e4t der Wissenschaften von Sprache, Medien und Literatur \u2013 Autorit\u00e4t in den Wissenschaften&#8220;<\/em> stand. Der Text arbeitet Aspekte von Saussures Sprachtheorie heraus, die in der strukturalistischen Rezeption Saussures immer wieder ausgeblendet wurden und werden. Noch heute hat das, was man in vielen Einf\u00fchrungen in die Linguistik \u00fcber Saussures Auffassung lesen kann, kaum etwas mit seinem Sprachdenken zu tun. In Deutschland war es Ludwig J\u00e4ger, der sich als erster f\u00fcr eine Ann\u00e4herung an den Saussure der Manuskripte eingesetzt hat. 1975, im gleichen Jahr, in dem J\u00e4gers Dissertation erscheint, hat auch Henri Meschonnic in <em>Le signe et le po\u00e8me<\/em> auf die Notwendigkeit einer differenzierten Saussure-Rezeption hingewiesen.<\/p>\n<p><a href=\"https:\/\/sprachtheorie.de\/wp-content\/uploads\/2012\/09\/L\u00f6sener-Saussure1.pdf\">Hans L\u00f6sener (2000): Saussure und die Geschichtlichkeit der Sprache<\/a><\/p>\n","protected":false},"excerpt":{"rendered":"<p>Der folgende Aufsatz geht zur\u00fcck auf einen Vortrag auf dem Germanistentag 1997 in Bonn, der unter dem Thema &#8222;Autorit\u00e4t der Wissenschaften von Sprache, Medien und Literatur \u2013 Autorit\u00e4t in den Wissenschaften&#8220; stand. Der Text arbeitet Aspekte von Saussures Sprachtheorie heraus, die in der strukturalistischen Rezeption Saussures immer wieder ausgeblendet wurden und werden. Noch heute hat [&hellip;]<\/p>\n","protected":false},"author":1,"featured_media":220,"comment_status":"open","ping_status":"open","sticky":false,"template":"","format":"standard","meta":{"footnotes":""},"categories":[5],"tags":[37,29,30,27,7,28,23,33,10,36,35,34],"class_list":["post-185","post","type-post","status-publish","format-standard","has-post-thumbnail","hentry","category-texte-zur-sprachtheorie","tag-arbitraritat","tag-einzelsprache","tag-geschichtlichkeit","tag-langue","tag-meschonnic","tag-parole","tag-rede","tag-saussure","tag-sprachtheorie","tag-system","tag-wert","tag-zeichen"],"_links":{"self":[{"href":"https:\/\/sprachtheorie.de\/index.php?rest_route=\/wp\/v2\/posts\/185","targetHints":{"allow":["GET"]}}],"collection":[{"href":"https:\/\/sprachtheorie.de\/index.php?rest_route=\/wp\/v2\/posts"}],"about":[{"href":"https:\/\/sprachtheorie.de\/index.php?rest_route=\/wp\/v2\/types\/post"}],"author":[{"embeddable":true,"href":"https:\/\/sprachtheorie.de\/index.php?rest_route=\/wp\/v2\/users\/1"}],"replies":[{"embeddable":true,"href":"https:\/\/sprachtheorie.de\/index.php?rest_route=%2Fwp%2Fv2%2Fcomments&post=185"}],"version-history":[{"count":8,"href":"https:\/\/sprachtheorie.de\/index.php?rest_route=\/wp\/v2\/posts\/185\/revisions"}],"predecessor-version":[{"id":198,"href":"https:\/\/sprachtheorie.de\/index.php?rest_route=\/wp\/v2\/posts\/185\/revisions\/198"}],"wp:featuredmedia":[{"embeddable":true,"href":"https:\/\/sprachtheorie.de\/index.php?rest_route=\/wp\/v2\/media\/220"}],"wp:attachment":[{"href":"https:\/\/sprachtheorie.de\/index.php?rest_route=%2Fwp%2Fv2%2Fmedia&parent=185"}],"wp:term":[{"taxonomy":"category","embeddable":true,"href":"https:\/\/sprachtheorie.de\/index.php?rest_route=%2Fwp%2Fv2%2Fcategories&post=185"},{"taxonomy":"post_tag","embeddable":true,"href":"https:\/\/sprachtheorie.de\/index.php?rest_route=%2Fwp%2Fv2%2Ftags&post=185"}],"curies":[{"name":"wp","href":"https:\/\/api.w.org\/{rel}","templated":true}]}}